{"id":799,"date":"2021-04-05T13:28:00","date_gmt":"2021-04-05T11:28:00","guid":{"rendered":"https:\/\/k115.org\/?p=799"},"modified":"2022-02-12T13:38:01","modified_gmt":"2022-02-12T11:38:01","slug":"krestansti-fundamentaliste-zneuzili-pamatku-obeti-covidu","status":"publish","type":"post","link":"http:\/\/k115.org\/en\/2021\/04\/krestansti-fundamentaliste-zneuzili-pamatku-obeti-covidu\/","title":{"rendered":"K\u0159es\u0165an\u0161t\u00ed fundamentalist\u00e9 zneu\u017eili pam\u00e1tku ob\u011bt\u00ed covidu"},"content":{"rendered":"\n<p class=\"has-small-font-size\"><strong>Ze Starom\u011bstsk\u00e9ho n\u00e1m\u011bst\u00ed se stalo spont\u00e1nn\u00ed vzpom\u00ednkov\u00e9 m\u00edsto, kter\u00e9 dalo lidem mo\u017enost vyj\u00e1d\u0159it l\u00edtost nad svou ztr\u00e1tou. Protipotratov\u00e9 hnut\u00ed a kardin\u00e1l Duka ho ale zneu\u017eili pro svoji propagandu.\u00a0<\/strong><\/p>\n\n\n\n<figure class=\"wp-block-image size-large\"><img loading=\"lazy\" width=\"1024\" height=\"682\" src=\"https:\/\/k115.org\/wp-content\/uploads\/2022\/02\/Krize-1-1024x682.jpg\" alt=\"\" class=\"wp-image-805\" srcset=\"http:\/\/k115.org\/wp-content\/uploads\/2022\/02\/Krize-1-1024x682.jpg 1024w, http:\/\/k115.org\/wp-content\/uploads\/2022\/02\/Krize-1-300x200.jpg 300w, http:\/\/k115.org\/wp-content\/uploads\/2022\/02\/Krize-1-768x511.jpg 768w, http:\/\/k115.org\/wp-content\/uploads\/2022\/02\/Krize-1.jpg 1200w\" sizes=\"(max-width: 1024px) 100vw, 1024px\" \/><\/figure>\n\n\n\n<p class=\"has-small-font-size\">V sobotu dopoledne prob\u011bhla na Starom\u011bstsk\u00e9m n\u00e1m\u011bst\u00ed m\u0161e \u201eza nenarozen\u00e9 d\u011bti, jejich rodi\u010de a&nbsp;zdravotnick\u00fd person\u00e1l\u201c. M\u0161i organizovalo pra\u017esk\u00e9 arcibiskupstv\u00ed spole\u010dn\u011b s&nbsp;fundamentalistick\u00fdm Hnut\u00edm pro \u017eivot. Prvn\u00ed kontroverzi vzbudila akce u\u017e t\u00edm, \u017ee organiz\u00e1to\u0159i nab\u00edzeli potenci\u00e1ln\u00edm \u00fa\u010dastn\u00edk\u016fm mo\u017enost, jak <a href=\"https:\/\/www.irozhlas.cz\/zpravy-domov\/arcibiskupstvi-prazske-kardinal-duka-mse_2103261853_ada\">obej\u00edt<\/a> protiepidemick\u00e1 opat\u0159en\u00ed, podobn\u011b jako to zkou\u0161el p\u0159ed n\u011bkolika t\u00fddny poslanec Lubom\u00edr Voln\u00fd. Pot\u00e9, co o&nbsp;tom za\u010dala informovat m\u00e9dia, v\u00fdzva z&nbsp;webu arcibiskupstv\u00ed zmizela. Jestli nab\u00eddku na obejit\u00ed protiepidemick\u00fdch opat\u0159en\u00ed n\u011bkdo vyu\u017eil, nakonec nen\u00ed zcela jasn\u00e9, akce se ale z\u00fa\u010dastnilo n\u011bkolik des\u00edtek lid\u00ed.<\/p>\n\n\n\n<h4>Pandemie je jako potraty<\/h4>\n\n\n\n<p class=\"has-small-font-size\">M\u0161i slou\u017eil Dominik Duka, kter\u00fd je\u0161t\u011b p\u0159ed \u0161esti t\u00fddny <a href=\"https:\/\/www.irozhlas.cz\/zivotni-styl\/spolecnost\/koronavirus-cinska-biologicka-zbran-hypoteza_2102161647_ada\">\u0161\u00ed\u0159il<\/a> o\u00a0koronaviru konspira\u010dn\u00ed teorie. Jak moc si ob\u011bt\u00ed v\u00e1\u017e\u00ed, uk\u00e1zal kardin\u00e1l t\u00edm, \u017ee si p\u0159es k\u0159\u00ed\u017eky symbolizuj\u00edc\u00ed mrtv\u00e9 nechal <a href=\"https:\/\/www.facebook.com\/photo?fbid=3997809100258114&#038;set=pcb.3997810556924635\">rozprost\u0159\u00edt \u010derven\u00fd koberec<\/a>, na kter\u00e9m se n\u00e1sledn\u011b usadil. Je\u0161t\u011b siln\u011bj\u0161\u00ed pocity nepat\u0159i\u010dnosti vzbuzuje \u00fa\u010dast Hnut\u00ed pro \u017eivot, jeho\u017e agenda dlouhodob\u011b sm\u011b\u0159uje k\u00a0z\u00e1kazu potrat\u016f v\u00a0\u010cesku. Hnut\u00ed ve sv\u00e9m pravideln\u00e9m zpravodaji mluv\u00ed o\u00a0\u201ecovidov\u00e9 hysterii\u201c a\u00a0<a href=\"https:\/\/hnutiprozivot.cz\/clanky\/2832-testujeme-ockujeme-zvitezime\">odrazuje<\/a> lidi od v\u010dasn\u00e9 vakcinace. O\u00a0tom, jak v\u00a0hnut\u00ed o\u00a0z\u00e1va\u017enosti situace sm\u00fd\u0161lej\u00ed, vypov\u00edd\u00e1 i\u00a0takov\u00fdto \u201elaskav\u00fd humor\u201c zve\u0159ejn\u011bn\u00fd v\u00a0dob\u011b, kdy v\u00a0\u010cR na covid-19 um\u00edralo v\u00edce ne\u017e sto lid\u00ed denn\u011b.<\/p>\n\n\n\n<figure class=\"wp-block-image size-large\"><img loading=\"lazy\" width=\"630\" height=\"512\" src=\"https:\/\/k115.org\/wp-content\/uploads\/2022\/02\/HpZ.png\" alt=\"\" class=\"wp-image-801\" srcset=\"http:\/\/k115.org\/wp-content\/uploads\/2022\/02\/HpZ.png 630w, http:\/\/k115.org\/wp-content\/uploads\/2022\/02\/HpZ-300x244.png 300w\" sizes=\"(max-width: 630px) 100vw, 630px\" \/><\/figure>\n\n\n\n<p class=\"has-small-font-size\">Mluv\u010d\u00ed Hnut\u00ed pro \u017eivot Zde\u0148ka Rybov\u00e1 se v souvislosti s pl\u00e1novanou akc\u00ed u\u017e p\u0159ed \u010dasem dopustila nevkusn\u00e9ho srovn\u00e1n\u00ed zbyte\u010dn\u011b ztracen\u00fdch \u017eivot\u016f d\u016fsledkem pandemie covid-19 s faktem, \u017ee maj\u00ed \u017eeny mo\u017enost p\u0159eru\u0161it t\u011bhotenstv\u00ed.<\/p>\n\n\n\n<figure class=\"wp-block-image size-large\"><img loading=\"lazy\" width=\"477\" height=\"487\" src=\"https:\/\/k115.org\/wp-content\/uploads\/2022\/02\/rybova.png\" alt=\"\" class=\"wp-image-802\" srcset=\"http:\/\/k115.org\/wp-content\/uploads\/2022\/02\/rybova.png 477w, http:\/\/k115.org\/wp-content\/uploads\/2022\/02\/rybova-294x300.png 294w\" sizes=\"(max-width: 477px) 100vw, 477px\" \/><\/figure>\n\n\n\n<p class=\"has-small-font-size\">V souvislosti s pietn\u00edm aktem, kter\u00fd rok od prvn\u00edho \u00famrt\u00ed na koronavirus v \u010cesku uspo\u0159\u00e1dala aktivistick\u00e1 skupina Milion chvilek pro demokracii, Rybov\u00e1 v dnes ji\u017e smazan\u00e9m \u010dl\u00e1nku z webu pra\u017esk\u00e9ho arcibiskupstv\u00ed uvedla: \u201eTa pieta je kr\u00e1sn\u00e1 a kvituji to. Jsme za tuto p\u0159\u00edle\u017eitost vd\u011b\u010dni. Je to extenze t\u00e9 piety. Jsem za to vd\u011b\u010dn\u00e1. Pokud po\u010d\u00edt\u00e1me ob\u011bti na \u017eivotech za posledn\u00ed rok, v klidu tam m\u016f\u017eeme zahrnout i ob\u011bti potrat\u016f.\u201c<\/p>\n\n\n\n<p class=\"has-small-font-size\">Podobn\u011b demagogicky se vyj\u00e1d\u0159il i&nbsp;samotn\u00fd arcibiskup Duka: \u201eHroz\u00edme se \u010d\u00edsla nyn\u00ed dosahuj\u00edc\u00edho zhruba dvou des\u00edtek tis\u00edc \u00famrt\u00ed na nemoc zp\u016fsobenou koronavirem. Ale u\u017e n\u00e1m v\u016fbec nevad\u00ed, \u017ee za stejn\u00e9 obdob\u00ed jsme nedovolili zhruba dvaceti tis\u00edc\u016fm d\u011bt\u00ed, aby se narodily, prost\u011b jsme je nechali potratit, proto\u017ee n\u00e1m jejich narozen\u00ed zrovna nevyhovovalo, necht\u011bli jsme je p\u0159ijmout nebo se kv\u016fli nim uskromnit.\u201c<\/p>\n\n\n\n<h4>M\u00edsto spolu\u00fa\u010dasti jenom zneu\u017eit\u00ed<\/h4>\n\n\n\n<p class=\"has-small-font-size\">Ultrakonzervativn\u00ed pro-life hnut\u00ed m\u00e1 navzdory nep\u0159\u00edli\u0161 velk\u00e9mu z\u00e1jmu m\u00e9di\u00ed vysoce postaven\u00e9 spojence. Na sobotn\u00ed akci se uk\u00e1zali t\u0159eba poslanec za ODS Marek Benda a\u00a0pra\u017esk\u00fd zastupitel za KDU-\u010cSL Jan Wolf. Nen\u00ed tomu tak dlouho, co hlavn\u00ed PR projekt Hnut\u00ed pro \u017eivot, kampa\u0148 \u201eNesoud\u00edme, pom\u00e1h\u00e1me\u201c, dostala z\u00e1\u0161titu m\u00edstostarostky Prahy 2 Alexandry Ud\u017eeniji z\u00a0ODS, co\u017e vyvolalo vlnu nevole mezi \u0159adou obyvatel t\u00e9to m\u011bstsk\u00e9 \u010d\u00e1sti. Podporu proti\u017eensk\u00e9ho a\u00a0homofobn\u00edho hnut\u00ed ze strany sv\u00fdch koali\u010dn\u00edch koleg\u016f ale nepova\u017euje za hodn\u00e9 kritick\u00e9ho koment\u00e1\u0159e ani liber\u00e1ln\u00ed TOP 09. Samotn\u00e1 Rybov\u00e1 byla v\u00a0minulosti asistentkou Ale\u0161e Juchelky z\u00a0hnut\u00ed ANO a\u00a0jako hlavn\u00ed tv\u00e1\u0159 protipotratov\u00e9ho ta\u017een\u00ed v\u00a0\u010cesku opakovan\u011b vyzdvihuje ultrakonzervativn\u00ed a\u00a0nacion\u00e1ln\u00ed politiku polsk\u00e9ho PiS. Ned\u00e1vn\u00fd bezprecedentn\u00ed z\u00e1kaz potrat\u016f u\u00a0na\u0161ich severn\u00edch soused\u016f Rybov\u00e1 oslavovala slovy: \u201eI my bychom m\u011bli br\u00e1nit ty, kte\u0159\u00ed se br\u00e1nit nemohou\u201c.<\/p>\n\n\n\n<figure class=\"wp-block-image size-large\"><img loading=\"lazy\" width=\"1024\" height=\"691\" src=\"https:\/\/k115.org\/wp-content\/uploads\/2022\/02\/rybova2-1024x691.jpeg\" alt=\"\" class=\"wp-image-803\" srcset=\"http:\/\/k115.org\/wp-content\/uploads\/2022\/02\/rybova2-1024x691.jpeg 1024w, http:\/\/k115.org\/wp-content\/uploads\/2022\/02\/rybova2-300x202.jpeg 300w, http:\/\/k115.org\/wp-content\/uploads\/2022\/02\/rybova2-768x518.jpeg 768w, http:\/\/k115.org\/wp-content\/uploads\/2022\/02\/rybova2.jpeg 1045w\" sizes=\"(max-width: 1024px) 100vw, 1024px\" \/><\/figure>\n\n\n\n<p class=\"has-small-font-size\">Sobotn\u00ed akce na Starom\u011bstsk\u00e9m n\u00e1m\u011bst\u00ed uk\u00e1zala p\u0159edev\u0161\u00edm absenci citu a&nbsp;vkusu ze strany nejvy\u0161\u0161\u00edho \u010desk\u00e9ho p\u0159edstavitele katolick\u00e9 c\u00edrkve i&nbsp;protipotratov\u00e9 lobby. Spole\u010dn\u011b zneu\u017eili chv\u00edle, kter\u00e1 byla p\u0159edev\u0161\u00edm vysloven\u00edm podpory a&nbsp;soustrasti t\u011bm, kte\u0159\u00ed p\u0159i\u0161li o&nbsp;sv\u00e9 bl\u00edzk\u00e9. Po\u0159adatel\u00e9 \u201em\u0161e za nenarozen\u00e9 d\u011bti\u201c se nav\u00edc ve snaze dostat na ni co nejv\u00edce lid\u00ed ne\u0161t\u00edtili manipulovat sv\u00e9 podporovatele k&nbsp;poru\u0161ov\u00e1n\u00ed vl\u00e1dn\u00edch opat\u0159en\u00ed. Aby m\u011bli p\u0159i demonstraci vlastn\u00edch politick\u00fdch n\u00e1zor\u016f dostatek publika, vyz\u00fdvali lidi k&nbsp;n\u011b\u010demu, co v&nbsp;kone\u010dn\u00e9m d\u016fsledku mohlo n\u011bkoho i&nbsp;ohrozit na \u017eivot\u011b. Sn\u00ed\u017eili se tak k&nbsp;obch\u00e1zen\u00ed pravidel, kter\u00e1 se ostatn\u00ed lid\u00e9 sna\u017e\u00ed dodr\u017eovat, aby se epidemick\u00e1 situace v&nbsp;\u010cesku kone\u010dn\u011b zlep\u0161ila.<\/p>\n\n\n\n<p class=\"has-small-font-size\">Jak moc je takov\u00fd p\u0159\u00edstup \u201epro-life\u201c a\u00a0v\u00a0souladu s\u00a0proklamovan\u00fdmi k\u0159es\u0165ansk\u00fdmi hodnotami a\u00a0mor\u00e1lkou? Mo\u017enost protla\u010dit do ve\u0159ejn\u00e9ho prostoru svoji protipotratovou agendu zaj\u00edm\u00e1 Hnut\u00ed pro \u017eivot i\u00a0kardin\u00e1la Duku mnohem v\u00edc ne\u017e \u00facta a\u00a0pieta za zbyte\u010dn\u00e9 ob\u011bti epidemie. Jak se asi p\u0159i \u010dten\u00ed slov pan\u00ed Rybov\u00e9 a\u00a0p\u0159i pohledu na celou akci c\u00edt\u00ed ti, kte\u0159\u00ed kv\u016fli vl\u00e1dou nezvl\u00e1dnut\u00e9mu covidu p\u0159i\u0161li o\u00a0maminku, bratra, d\u011bti nebo kamar\u00e1dy? Ti, kte\u0159\u00ed ztratili rodiny? Opravdu se jim \u010d\u00e1st katolick\u00e9 c\u00edrkve m\u00edsto spolu\u00fa\u010dasti sna\u017e\u00ed nazna\u010dit, \u017ee zbyte\u010dn\u00e1 smrt jejich bl\u00edzk\u00fdch je srovnateln\u00e1 s\u00a0dobrovoln\u00fdm l\u00e9ka\u0159sk\u00fdm z\u00e1krokem?<\/p>\n\n\n\n<p class=\"has-text-align-right has-small-font-size\"><em>\u010cl\u00e1nek Simona Kovnera vy\u0161el p\u016fvodn\u011b v online den\u00edku <a href=\"https:\/\/a2larm.cz\/2021\/03\/krestansti-fundamentaliste-zneuzili-pamatku-obeti-covidu\/\">Alarm<\/a><\/em>.<\/p>\n","protected":false},"excerpt":{"rendered":"<p>Ze Starom\u011bstsk\u00e9ho n\u00e1m\u011bst\u00ed se stalo spont\u00e1nn\u00ed vzpom\u00ednkov\u00e9 m\u00edsto, kter\u00e9 dalo lidem mo\u017enost vyj\u00e1d\u0159it l\u00edtost nad svou ztr\u00e1tou. Protipotratov\u00e9 hnut\u00ed a kardin\u00e1l Duka ho ale zneu\u017eili pro svoji propagandu.<\/p>\n","protected":false},"author":2,"featured_media":805,"comment_status":"closed","ping_status":"closed","sticky":false,"template":"","format":"standard","meta":[],"categories":[9,26,33,18],"tags":[],"_links":{"self":[{"href":"http:\/\/k115.org\/en\/wp-json\/wp\/v2\/posts\/799"}],"collection":[{"href":"http:\/\/k115.org\/en\/wp-json\/wp\/v2\/posts"}],"about":[{"href":"http:\/\/k115.org\/en\/wp-json\/wp\/v2\/types\/post"}],"author":[{"embeddable":true,"href":"http:\/\/k115.org\/en\/wp-json\/wp\/v2\/users\/2"}],"replies":[{"embeddable":true,"href":"http:\/\/k115.org\/en\/wp-json\/wp\/v2\/comments?post=799"}],"version-history":[{"count":4,"href":"http:\/\/k115.org\/en\/wp-json\/wp\/v2\/posts\/799\/revisions"}],"predecessor-version":[{"id":809,"href":"http:\/\/k115.org\/en\/wp-json\/wp\/v2\/posts\/799\/revisions\/809"}],"wp:featuredmedia":[{"embeddable":true,"href":"http:\/\/k115.org\/en\/wp-json\/wp\/v2\/media\/805"}],"wp:attachment":[{"href":"http:\/\/k115.org\/en\/wp-json\/wp\/v2\/media?parent=799"}],"wp:term":[{"taxonomy":"category","embeddable":true,"href":"http:\/\/k115.org\/en\/wp-json\/wp\/v2\/categories?post=799"},{"taxonomy":"post_tag","embeddable":true,"href":"http:\/\/k115.org\/en\/wp-json\/wp\/v2\/tags?post=799"}],"curies":[{"name":"wp","href":"https:\/\/api.w.org\/{rel}","templated":true}]}}