{"id":910,"date":"2021-03-27T20:28:00","date_gmt":"2021-03-27T18:28:00","guid":{"rendered":"https:\/\/k115.org\/?p=910"},"modified":"2023-01-21T21:06:31","modified_gmt":"2023-01-21T19:06:31","slug":"svobodu-pro-linu-proti-kriminalizaci-antifasismu","status":"publish","type":"post","link":"http:\/\/k115.org\/en\/2021\/03\/svobodu-pro-linu-proti-kriminalizaci-antifasismu\/","title":{"rendered":"Svobodu pro Linu! Proti kriminalizaci antifa\u0161ismu"},"content":{"rendered":"\n<p class=\"has-small-font-size\"><strong>Antifa\u0161istka Lina obvin\u011bn\u00e1 z organizov\u00e1n\u00ed \u00fatok\u016f na neonacisty je ve vazb\u011b u\u017e p\u011bt m\u011bs\u00edc\u016f. V Lipsku ned\u00e1vno byla spou\u0161t\u011bna kampa\u0148 Wir sind alle LinX (\u201eV\u0161ichni jsme levi\u010d\u00e1ci\u201c), jej\u00edm\u017e c\u00edlem je boj proti kriminalizaci antifa\u0161ismu obecn\u011b a za okam\u017eit\u00e9 propu\u0161t\u011bn\u00ed Liny na svobodu.<\/strong><\/p>\n\n\n\n<figure class=\"wp-block-image size-large\"><img loading=\"lazy\" width=\"1000\" height=\"750\" src=\"https:\/\/k115.org\/wp-content\/uploads\/2023\/01\/Lina.jpeg\" alt=\"\" class=\"wp-image-911\" srcset=\"http:\/\/k115.org\/wp-content\/uploads\/2023\/01\/Lina.jpeg 1000w, http:\/\/k115.org\/wp-content\/uploads\/2023\/01\/Lina-300x225.jpeg 300w, http:\/\/k115.org\/wp-content\/uploads\/2023\/01\/Lina-768x576.jpeg 768w\" sizes=\"(max-width: 1000px) 100vw, 1000px\" \/><\/figure>\n\n\n\n<p class=\"has-small-font-size\">Po\u010d\u00e1tkem listopadu byla v lipsk\u00e9m Connewitzu zat\u010dena p\u011btadvacetilet\u00e1 antifa\u0161istka Lina E., vrtuln\u00edkem byla p\u0159epravena do Karlsruhe, kde byla obvin\u011bna ze zalo\u017een\u00ed zlo\u010dineck\u00e9 organizace a byla na n\u00ed uvalena vazba. Konkr\u00e9tn\u011b je Lina vin\u011bna z toho, \u017ee organizovala \u00fatok na neonacistickou hospodu v durynsk\u00e9m Eisenachu. Jej\u00ed provozovatel organizuje v Durynsku neonacistick\u00e9 turnaje v bojov\u00fdch sportech a podle antifa\u0161istick\u00fdch re\u0161er\u0161\u00ed je napojen\u00fd na mezin\u00e1rodn\u00ed neonacistickou teroristickou s\u00ed\u0165 Atomwaffen Division. (O Linin\u011b zat\u010den\u00ed a o solid\u00e1rn\u00ed kampani lipsk\u00fdch antifa\u0161ist\u016f na jej\u00ed podporu jsme informovali <a href=\"https:\/\/k115.org\/2020\/11\/solidaritu-s-linou\/\">tady<\/a>.)<\/p>\n\n\n\n<p class=\"has-small-font-size\">K dne\u0161ku pob\u00fdv\u00e1 Lina, studentka p\u016fvodem z Kasselu, ve vy\u0161et\u0159ovac\u00ed vazb\u011b u\u017e t\u00e9m\u011b\u0159 p\u011bt m\u011bs\u00edc\u016f. D\u016fkazy v\u016f\u010di n\u00ed maj\u00ed b\u00fdt podle ob\u017ealoby paruka, dv\u011b kladiva a pen\u00edze v hotovosti nalezen\u00e9 p\u0159i domovn\u00ed prohl\u00eddce a d\u00e1le skute\u010dnost, \u017ee ke komunikaci pou\u017e\u00edvala \u0161ifrovanou komunikaci p\u0159es aplikaci Signal (LOL).I kdy\u017e se u \u010dlen\u016f \u0158\u00ed\u0161sk\u00fdch ob\u010dan\u016f (Reichsb\u00fcrger) a jin\u00fdch neonacistick\u00fdch skupin na\u0161ly gar\u00e1\u017ee pln\u00e9 st\u0159eln\u00fdch zbran\u00ed a p\u0159edm\u011bt\u016f dokl\u00e1daj\u00edc\u00ed obdiv k nacistick\u00e9ho re\u017eimu nebo kdy\u017e se ned\u00e1vno ve Frankfurtu z policejn\u00edho \u0159editelstv\u00ed ztratilo 100 kus\u016f zbran\u00ed a mno\u017estv\u00ed munice, do Karlsruhe v t\u011bchto p\u0159\u00edpadech \u017e\u00e1dn\u00e9 vrtuln\u00edky nelet\u011bly. Obr\u00e1zek s Linou vystupuj\u00edc\u00ed z vrtuln\u00edku tak zase jednou ukazuje na nep\u0159im\u011b\u0159enost postupu st\u00e1tn\u00edch slo\u017eek, kdy\u017e jde o \u201elevicov\u00fd extr\u00e9mismus\u201c.Stejn\u011b vyhrocen\u011b a nevyv\u00e1\u017een\u011b o p\u0159\u00edpadu referuje tak\u00e9 v\u011bt\u0161ina n\u011bmeck\u00fdch m\u00e9di\u00ed (v\u00fdjimku p\u0159edstavuj\u00ed levicov\u00e9 noviny Neues Deutschland a nejnov\u011bj\u00ed tak\u00e9 die Zeit). V HNA se o Lin\u011b psalo jako \u201enejnebezpe\u010dn\u011bj\u0161\u00ed n\u011bmeck\u00e9 levicov\u00e9 extremistce\u201c. V redakci Die Welt se rozpl\u00fdvaj\u00ed nad schopnostmi vy\u0161et\u0159ovatel\u016f odhalit Linu, kter\u00e1 pr\u00fd \u017eila v utajen\u00ed (co\u017e vyvodili z toho, \u017ee se v m\u00edst\u011b studia nep\u0159ihl\u00e1sila k pobytu a za bydlen\u00ed za n\u00ed platil n\u011bkdo jin\u00fd). Ve Focusu zase dali prostor Soko Linx (zvl\u00e1\u0161tn\u00ed komisi zam\u011b\u0159uj\u00edc\u00ed se na krajn\u00ed levici) k nad\u0161en\u00e9mu ozn\u00e1men\u00ed, \u017ee \u201ezat\u010den\u00ed Liny E. byl jen za\u010d\u00e1tek\u201c. V die Bild pak nadpis hl\u00e1sal, \u017ee p\u0159ed soud p\u016fjde \u201e\u0161\u00e9fka chaot\u016f v minisukni\u201c. V Tagesspiegel \u00fadajnou \u010dinnost Liny \u201ea jej\u00edch lid\u00ed\u201c p\u0159irovn\u00e1vali k ran\u00e9 f\u00e1zi p\u016fsoben\u00ed Frakce rud\u00e9 arm\u00e1dy (RAF).<\/p>\n\n\n\n<p class=\"has-small-font-size\">V Lipsku ned\u00e1vno byla spou\u0161t\u011bna kampa\u0148 <a href=\"http:\/\/www.wirsindallelinx.com\/\">Wir sind alle LinX<\/a> (\u201eV\u0161ichni jsme levi\u010d\u00e1ci\u201c), jej\u00edm\u017e c\u00edlem je boj proti kriminalizaci antifa\u0161ismu obecn\u011b a za okam\u017eit\u00e9 propu\u0161t\u011bn\u00ed Liny na svobodu. Prohl\u00e1\u0161en\u00ed, je\u017e vol\u00e1 po siln\u00e9m a d\u016fsledn\u00e9m antifa\u0161ismu zalo\u017een\u00e9m na ob\u010dansk\u00e9 spole\u010dnosti, podpo\u0159ily b\u011bhem n\u011bkolika dn\u016f od zve\u0159ejn\u011bn\u00ed des\u00edtky organizac\u00ed a iniciativ, klub\u016f a jin\u00fdch podnik\u016f, hudebn\u00edch skupin a jednotlivc\u016f (mezi nimi tak\u00e9 n\u011bkolik politik\u016f die Linke ale i Gr\u00fcne \u010di SPD) nejen ze Saska.<\/p>\n\n\n\n<p class=\"has-small-font-size\"><a href=\"https:\/\/www.facebook.com\/hashtag\/freelina?__eep__=6&#038;__cft__[0]=AZVvVkXzy6B_T_JrHl60yHjXqeXrob7hhD08Deu2zi1dBiDZraq2H8XaupbR_P0Tml9IseZgGLrCknDUIpEjvLzsfDYsBvuXG5lRCxZI9UPbgFDwJNrV1SNreB-iE8sbPJ8&#038;__tn__=*NK-R\">#FreeLina<\/a><\/p>\n\n\n\n<p class=\"has-small-font-size\"><a href=\"https:\/\/www.facebook.com\/hashtag\/freiheitf%C3%BCrlina?__eep__=6&#038;__cft__[0]=AZVvVkXzy6B_T_JrHl60yHjXqeXrob7hhD08Deu2zi1dBiDZraq2H8XaupbR_P0Tml9IseZgGLrCknDUIpEjvLzsfDYsBvuXG5lRCxZI9UPbgFDwJNrV1SNreB-iE8sbPJ8&#038;__tn__=*NK-R\">#FreiheitF\u00fcrLina<\/a><\/p>\n\n\n\n<p class=\"has-small-font-size\"><a href=\"https:\/\/www.facebook.com\/hashtag\/wirsindallelinx?__eep__=6&#038;__cft__[0]=AZVvVkXzy6B_T_JrHl60yHjXqeXrob7hhD08Deu2zi1dBiDZraq2H8XaupbR_P0Tml9IseZgGLrCknDUIpEjvLzsfDYsBvuXG5lRCxZI9UPbgFDwJNrV1SNreB-iE8sbPJ8&#038;__tn__=*NK-R\">#WirSindAlleLinX<\/a><\/p>\n\n\n\n<p class=\"has-text-align-right has-small-font-size\">(s vyu\u017eit\u00edm tweetu Toma Uhliga)<\/p>\n\n\n\n<figure class=\"wp-block-image size-large\"><img loading=\"lazy\" width=\"1024\" height=\"632\" src=\"http:\/\/k115.org\/wp-content\/uploads\/2023\/01\/Free-lina-1024x632.jpg\" alt=\"\" class=\"wp-image-914\" srcset=\"http:\/\/k115.org\/wp-content\/uploads\/2023\/01\/Free-lina-1024x632.jpg 1024w, http:\/\/k115.org\/wp-content\/uploads\/2023\/01\/Free-lina-300x185.jpg 300w, http:\/\/k115.org\/wp-content\/uploads\/2023\/01\/Free-lina-768x474.jpg 768w, http:\/\/k115.org\/wp-content\/uploads\/2023\/01\/Free-lina.jpg 1080w\" sizes=\"(max-width: 1024px) 100vw, 1024px\" \/><\/figure>\n","protected":false},"excerpt":{"rendered":"<p>Antifa\u0161istka Lina obvin\u011bn\u00e1 z organizov\u00e1n\u00ed \u00fatok\u016f na neonacisty je ve vazb\u011b u\u017e p\u011bt m\u011bs\u00edc\u016f. V Lipsku ned\u00e1vno byla spou\u0161t\u011bna kampa\u0148 Wir sind alle LinX (\u201eV\u0161ichni jsme levi\u010d\u00e1ci\u201c), jej\u00edm\u017e c\u00edlem je boj proti kriminalizaci antifa\u0161ismu obecn\u011b a za okam\u017eit\u00e9 propu\u0161t\u011bn\u00ed Liny na svobodu.<\/p>\n","protected":false},"author":2,"featured_media":914,"comment_status":"closed","ping_status":"closed","sticky":false,"template":"","format":"standard","meta":[],"categories":[8,38,22],"tags":[],"_links":{"self":[{"href":"http:\/\/k115.org\/en\/wp-json\/wp\/v2\/posts\/910"}],"collection":[{"href":"http:\/\/k115.org\/en\/wp-json\/wp\/v2\/posts"}],"about":[{"href":"http:\/\/k115.org\/en\/wp-json\/wp\/v2\/types\/post"}],"author":[{"embeddable":true,"href":"http:\/\/k115.org\/en\/wp-json\/wp\/v2\/users\/2"}],"replies":[{"embeddable":true,"href":"http:\/\/k115.org\/en\/wp-json\/wp\/v2\/comments?post=910"}],"version-history":[{"count":3,"href":"http:\/\/k115.org\/en\/wp-json\/wp\/v2\/posts\/910\/revisions"}],"predecessor-version":[{"id":917,"href":"http:\/\/k115.org\/en\/wp-json\/wp\/v2\/posts\/910\/revisions\/917"}],"wp:featuredmedia":[{"embeddable":true,"href":"http:\/\/k115.org\/en\/wp-json\/wp\/v2\/media\/914"}],"wp:attachment":[{"href":"http:\/\/k115.org\/en\/wp-json\/wp\/v2\/media?parent=910"}],"wp:term":[{"taxonomy":"category","embeddable":true,"href":"http:\/\/k115.org\/en\/wp-json\/wp\/v2\/categories?post=910"},{"taxonomy":"post_tag","embeddable":true,"href":"http:\/\/k115.org\/en\/wp-json\/wp\/v2\/tags?post=910"}],"curies":[{"name":"wp","href":"https:\/\/api.w.org\/{rel}","templated":true}]}}