{"id":407,"date":"2019-09-18T18:25:41","date_gmt":"2019-09-18T16:25:41","guid":{"rendered":"http:\/\/k115.org\/?p=407"},"modified":"2019-10-04T17:25:48","modified_gmt":"2019-10-04T15:25:48","slug":"vzpurnapraha","status":"publish","type":"post","link":"https:\/\/k115.org\/en\/2019\/09\/vzpurnapraha\/","title":{"rendered":"Rebel Prague: For affordable housing for all"},"content":{"rendered":"\n<p class=\"has-small-font-size\"><strong>Ve dnech 4. a\u017e 6. \u0159\u00edjna po\u0159\u00e1d\u00e1me druh\u00fd ro\u010dn\u00edk festivalu Vzpurn\u00e1 Praha. P\u0159edn\u00e1\u0161ky, diskuse, workshopy a prom\u00edt\u00e1n\u00ed na t\u00e9ma dostupnost bydlen\u00ed a pr\u00e1vo na m\u011bsto.<\/strong><\/p>\n\n\n\n<figure class=\"wp-block-image\"><img loading=\"lazy\" width=\"1123\" height=\"1588\" src=\"http:\/\/k115.org\/wp-content\/uploads\/2019\/09\/Vzpurna_Praha_2019_Plakat.jpg\" alt=\"\" class=\"wp-image-408\" srcset=\"https:\/\/k115.org\/wp-content\/uploads\/2019\/09\/Vzpurna_Praha_2019_Plakat.jpg 1123w, https:\/\/k115.org\/wp-content\/uploads\/2019\/09\/Vzpurna_Praha_2019_Plakat-212x300.jpg 212w, https:\/\/k115.org\/wp-content\/uploads\/2019\/09\/Vzpurna_Praha_2019_Plakat-768x1086.jpg 768w, https:\/\/k115.org\/wp-content\/uploads\/2019\/09\/Vzpurna_Praha_2019_Plakat-724x1024.jpg 724w\" sizes=\"(max-width: 1123px) 100vw, 1123px\" \/><\/figure>\n\n\n\n<p class=\"has-small-font-size\">V Praze rostou n\u00e1jmy dvakr\u00e1t rychleji ne\u017e mzdy, ceny nemovitost\u00ed se \u0161plhaj\u00ed do astronomick\u00fdch \u010d\u00e1stek a m\u011bsto po t\u0159iceti letech privatizac\u00ed nen\u00ed schopn\u00e9 nab\u00eddnout k nedostupn\u00e9mu tr\u017en\u00edmu bydlen\u00ed alternativu. V m\u00e9di\u00edch p\u0159itom od developer\u016f a ekonom\u016f z velk\u00fdch bank poslouch\u00e1me, \u017ee za krizi bydlen\u00ed m\u016f\u017ee jen pomal\u00e1 v\u00fdstavba a lid\u00e9, kte\u0159\u00ed by r\u00e1di mluvili do toho, co jim vyroste za okny. Zdaleka m\u00e9n\u011b se mluv\u00ed o tom, \u017ee nov\u00e9 byty jsou ur\u010deny p\u0159edev\u0161\u00edm bohat\u00fdm investor\u016fm a nov\u00e1 v\u00fdstavba \u010dasto naopak zvy\u0161uje ceny bydlen\u00ed v okol\u00ed a ze \u010dtvrti vyh\u00e1n\u00ed n\u00edzkop\u0159\u00edjmov\u00e9 obyvatele.<\/p>\n\n\n\n<p class=\"has-small-font-size\">Nov\u00e9 veden\u00ed m\u011bsta sice tvrdilo, \u017ee jeho vzorem je V\u00edde\u0148, kde je dostupnost bydlen\u00ed zaji\u0161t\u011bna siln\u00fdmi regulacemi, ale navrhovan\u00e1 podoba nov\u00e9ho metropolitn\u00edho pl\u00e1nu hraje naopak podle not voln\u00e9ho trhu. Jak p\u0159itom takov\u00e1 p\u00edsni\u010dka zn\u00ed, za\u017e\u00edvaj\u00ed ti z n\u00e1s, jim\u017e raketov\u011b rostou n\u00e1jmy, \u010di ti, jejich\u017e domy zaplavilo AirBnB a m\u00edsto funguj\u00edc\u00edho sousedstv\u00ed kolem sebe maj\u00ed bujar\u00fd hostel.<\/p>\n\n\n\n<p class=\"has-small-font-size\">Chceme m\u011bsto, kter\u00e9 se nebude pod\u0159izovat zisku t\u011bch nejbohat\u0161\u00edch, ale budeme ho moci spoluutv\u00e1\u0159et podle na\u0161ich pot\u0159eb. Zku\u0161enosti z Prahy i zahrani\u010d\u00ed ukazuj\u00ed, \u017ee o to mus\u00edme usilovat sami, proto\u017ee nikdo jin\u00fd to za n\u00e1s neud\u011bl\u00e1. V r\u00e1mci Vzpurn\u00e9 Prahy chceme hledat spole\u010dn\u00e9 p\u0159\u00ed\u010diny nedostupn\u00e9ho bydlen\u00ed, bezohledn\u00e9ho developmentu i turismu utr\u017een\u00e9ho ze \u0159et\u011bzu, ale tak\u00e9 spole\u010dn\u00e9 odpov\u011bdi na n\u011b. Krom\u011b p\u0159edn\u00e1\u0161ek, proch\u00e1zek, film\u016f a zku\u0161enost\u00ed ze zahrani\u010d\u00ed chceme d\u00e1t prostor hlavn\u011b vz\u00e1jemn\u00e9mu seznamov\u00e1n\u00ed, v\u00fdm\u011bn\u011b zku\u0161enost\u00ed a budov\u00e1n\u00ed koalic za demokratick\u00e9 a dostupn\u00e9 m\u011bsto.<\/p>\n\n\n\n<p class=\"has-small-font-size\">P\u0159ij\u010fte s n\u00e1mi tvo\u0159it budoucnost Prahy!<\/p>\n\n\n\n<h5>Program<\/h5>\n\n\n\n<figure class=\"wp-block-image\"><img loading=\"lazy\" width=\"1241\" height=\"1241\" src=\"http:\/\/k115.org\/wp-content\/uploads\/2019\/09\/VP_2019_Program_FB.jpg\" alt=\"\" class=\"wp-image-410\" srcset=\"https:\/\/k115.org\/wp-content\/uploads\/2019\/09\/VP_2019_Program_FB.jpg 1241w, https:\/\/k115.org\/wp-content\/uploads\/2019\/09\/VP_2019_Program_FB-150x150.jpg 150w, https:\/\/k115.org\/wp-content\/uploads\/2019\/09\/VP_2019_Program_FB-300x300.jpg 300w, https:\/\/k115.org\/wp-content\/uploads\/2019\/09\/VP_2019_Program_FB-768x768.jpg 768w, https:\/\/k115.org\/wp-content\/uploads\/2019\/09\/VP_2019_Program_FB-1024x1024.jpg 1024w\" sizes=\"(max-width: 1241px) 100vw, 1241px\" \/><\/figure>\n\n\n\n<p class=\"has-small-font-size\"><strong>Bro\u017euru s anotacemi v\u0161ech bod\u016f programu<\/strong> v pdf si m\u016f\u017eete prohl\u00e9dnout, pop\u0159. st\u00e1hnout <a href=\"http:\/\/k115.org\/wp-content\/uploads\/2019\/09\/Brozura-Vzpurna-Praha-2019.pdf\">tady<\/a>.<\/p>\n\n\n\n<h5>Praktick\u00e9 informace<\/h5>\n\n\n\n<p class=\"has-small-font-size\"><strong>M\u00edsto kon\u00e1n\u00ed programu<\/strong><\/p>\n\n\n\n<p class=\"has-small-font-size\">T\u00e9m\u011b\u0159 v\u0161echen program se kon\u00e1 v prostoru <strong>Hole\u0161ovick\u00e1 \u0160achta (Bubensk\u00e1 14, Praha 7)<\/strong>.<\/p>\n\n\n\n<p class=\"has-small-font-size\">Nejl\u00e9pe se sem dostane\u0161 z tramvajov\u00e9 zast\u00e1vky V\u00fdstavi\u0161t\u011b Hole\u0161ovice. Po tramvajov\u00e9 trati p\u016fjde\u0161 sm\u011brem k Hole\u0161ovick\u00e9mu n\u00e1dra\u017e\u00ed a zahne\u0161 doprava na Bubenskou.<br\/><\/p>\n\n\n\n<figure class=\"wp-block-image\"><img loading=\"lazy\" width=\"1210\" height=\"674\" src=\"http:\/\/k115.org\/wp-content\/uploads\/2019\/10\/\u0160achta.png\" alt=\"\" class=\"wp-image-477\" srcset=\"https:\/\/k115.org\/wp-content\/uploads\/2019\/10\/\u0160achta.png 1210w, https:\/\/k115.org\/wp-content\/uploads\/2019\/10\/\u0160achta-300x167.png 300w, https:\/\/k115.org\/wp-content\/uploads\/2019\/10\/\u0160achta-768x428.png 768w, https:\/\/k115.org\/wp-content\/uploads\/2019\/10\/\u0160achta-1024x570.png 1024w\" sizes=\"(max-width: 1210px) 100vw, 1210px\" \/><\/figure>\n\n\n\n<p class=\"has-small-font-size\"><strong>Jedinou v\u00fdjimkou<\/strong>, pokud jde o m\u00edsto kon\u00e1n\u00ed, <strong>je sobotn\u00ed proch\u00e1zka\u00a0 \u201eProm\u011bny Hole\u0161ovic\u201c.<\/strong> Ta startuje v 10:30 na Ortenov\u011b n\u00e1m\u011bst\u00ed (Praha 7).<\/p>\n\n\n\n<p class=\"has-small-font-size\"><strong>Vstupn\u00e9<\/strong><\/p>\n\n\n\n<p class=\"has-small-font-size\"><strong>Dobrovoln\u00fd p\u0159\u00edsp\u011bvek<\/strong> na festival m\u016f\u017ee\u0161 vhodit do kasi\u010dky na na\u0161em infost\u00e1nku.<\/p>\n\n\n\n<p class=\"has-small-font-size\"><strong>J\u00eddlo a pit\u00ed<\/strong><\/p>\n\n\n\n<p class=\"has-small-font-size\">Ka\u017ed\u00fd den budeme na m\u00edst\u011b serv\u00edrovat za solid\u00e1rn\u00ed cenu j\u00eddlo z d\u00edlny kav\u00e1rny Potrv\u00e1. V programu jsou v\u011bt\u0161inou vyd\u011blen\u00e9 \u010dasy pro j\u00eddlo, ale j\u00edst m\u016f\u017ee\u0161 samoz\u0159ejm\u011b i mimo navr\u017een\u00e9 \u010dasy, v\u017edy se n\u011bco pod zub najde.<\/p>\n\n\n\n<p class=\"has-small-font-size\">J\u00eddlo nepod\u00e1v\u00e1me na jednor\u00e1zov\u00e9m n\u00e1dob\u00ed, proto pokud m\u016f\u017ee\u0161,\nzapoj se a pomoz s myt\u00edm.<\/p>\n\n\n\n<p class=\"has-small-font-size\"><strong>Informace, bezpe\u010dnost, p\u00e9\u010de<\/strong><\/p>\n\n\n\n<p class=\"has-small-font-size\">N\u011b\u010demu na festivalu nerozum\u00ed\u0161? Nec\u00edt\u00ed\u0161 se bezpe\u010dn\u011b? Stalo se\nn\u011bco nep\u0159\u00edjemn\u00e9ho? Obra\u0165 se na n\u011bkoho u na\u0161eho infost\u00e1nku.<\/p>\n\n\n\n<p class=\"has-small-font-size\"><strong>D\u011bti<\/strong><\/p>\n\n\n\n<p class=\"has-small-font-size\">M\u00e1\u0161 d\u011bti a p\u0159edn\u00e1\u0161ky a diskuse pro n\u011b nejsou to prav\u00e9 o\u0159echov\u00e9? \u017d\u00e1dn\u00fd strach, <strong>b\u011bhem festivalu bude fungovat d\u011btsk\u00fd koutek<\/strong>, kde budou k dispozici hra\u010dky a kdy\u017e se spolu s dal\u0161\u00edmi lidmi dohodnete, m\u016f\u017eete se t\u0159eba prost\u0159\u00eddat v hl\u00edd\u00e1n\u00ed.<\/p>\n\n\n\n<p class=\"has-small-font-size\"><strong>Respekt, solidarita<\/strong><\/p>\n\n\n\n<p class=\"has-small-font-size\">Festival se sna\u017e\u00ed b\u00fdt otev\u0159en\u00fdm m\u00edstem, kde se v\u0161ichni c\u00edt\u00ed bezpe\u010dn\u011b a maj\u00ed mo\u017enost se realizovat. Sv\u00e9 svobod\u011b ale d\u00e1v\u00e1me mantinely. <strong>Netolerujeme sexisumus, ageismus, rasismus ani \u017e\u00e1dnou jinou formu \u00fatlaku.<\/strong><\/p>\n\n\n\n<p class=\"has-small-font-size\"><strong>\u010ce\u0161tina versus angli\u010dtina<\/strong><\/p>\n\n\n\n<p class=\"has-small-font-size\">V\u00ed\u0161 o n\u011bkom, koho by mohl festival zaj\u00edmat, ale neum\u00ed \u010desky? \u017d\u00e1dn\u00fd strach, <strong>na ka\u017ed\u00e9 p\u0159edn\u00e1\u0161ce bude zabezpe\u010den\u00fd individu\u00e1ln\u00ed anebo skupinov\u00fd p\u0159eklad<\/strong>. Cht\u011bl\/a by si pomoc s tlumo\u010den\u00edm? Ozvi se n\u00e1m!<br\/><\/p>\n\n\n\n<p class=\"has-small-font-size\"><strong>Dal\u0161\u00ed informace ke Vzpurn\u00e9 Praze<\/strong><\/p>\n\n\n\n<ul><li><a href=\"https:\/\/www.facebook.com\/events\/496474724471422\/\">facebook<\/a><\/li><li><a href=\"https:\/\/twitter.com\/VzpurnaPraha\">twitter<\/a><br\/><\/li><li>radar.squat.net<\/li><\/ul>\n\n\n\n<p class=\"has-small-font-size\"><strong>Vzpurn\u00e1 Praha v m\u00e9di\u00edch<\/strong><\/p>\n\n\n\n<ul><li><a href=\"https:\/\/a2larm.cz\/2019\/10\/hlavnim-heslem-letosni-vzpurne-prahy-je-dostupne-bydleni\/\">Na\u0161e tiskov\u00e1 zpr\u00e1va<\/a><\/li><li><a href=\"https:\/\/a2larm.cz\/2019\/10\/nechceme-manhattany-a-bronxy\/\">Rozhovor se z\u00e1stupci Iniciativy Ferona<\/a><\/li><\/ul>\n\n\n\n<hr class=\"wp-block-separator\"\/>\n\n\n\n<p class=\"has-small-font-size\"><strong>Str\u00e1nku prvn\u00edho ro\u010dn\u00edku Vzpurn\u00e9 Prahy najdete <a href=\"http:\/\/k115.org\/2018\/08\/vzpurna-praha-dny-prava-na-mesto\/\">tady<\/a>.<\/strong><\/p>\n","protected":false},"excerpt":{"rendered":"<p>From 4th to 6th October we organize the second year of the festival Rebel Prague (Vzpurn\u00e1 Praha). Lectures, discussions, workshops and screenings on housing affordability and the right to the city.<\/p>\n","protected":false},"author":2,"featured_media":421,"comment_status":"closed","ping_status":"closed","sticky":false,"template":"","format":"standard","meta":[],"categories":[12,7],"tags":[],"_links":{"self":[{"href":"https:\/\/k115.org\/en\/wp-json\/wp\/v2\/posts\/407"}],"collection":[{"href":"https:\/\/k115.org\/en\/wp-json\/wp\/v2\/posts"}],"about":[{"href":"https:\/\/k115.org\/en\/wp-json\/wp\/v2\/types\/post"}],"author":[{"embeddable":true,"href":"https:\/\/k115.org\/en\/wp-json\/wp\/v2\/users\/2"}],"replies":[{"embeddable":true,"href":"https:\/\/k115.org\/en\/wp-json\/wp\/v2\/comments?post=407"}],"version-history":[{"count":30,"href":"https:\/\/k115.org\/en\/wp-json\/wp\/v2\/posts\/407\/revisions"}],"predecessor-version":[{"id":479,"href":"https:\/\/k115.org\/en\/wp-json\/wp\/v2\/posts\/407\/revisions\/479"}],"wp:featuredmedia":[{"embeddable":true,"href":"https:\/\/k115.org\/en\/wp-json\/wp\/v2\/media\/421"}],"wp:attachment":[{"href":"https:\/\/k115.org\/en\/wp-json\/wp\/v2\/media?parent=407"}],"wp:term":[{"taxonomy":"category","embeddable":true,"href":"https:\/\/k115.org\/en\/wp-json\/wp\/v2\/categories?post=407"},{"taxonomy":"post_tag","embeddable":true,"href":"https:\/\/k115.org\/en\/wp-json\/wp\/v2\/tags?post=407"}],"curies":[{"name":"wp","href":"https:\/\/api.w.org\/{rel}","templated":true}]}}