{"id":586,"date":"2020-01-16T19:47:03","date_gmt":"2020-01-16T17:47:03","guid":{"rendered":"http:\/\/k115.org\/?p=586"},"modified":"2020-02-26T20:31:42","modified_gmt":"2020-02-26T18:31:42","slug":"kafe-115-extremismus-v-casech-klimaticke-krize","status":"publish","type":"post","link":"https:\/\/k115.org\/en\/2020\/01\/kafe-115-extremismus-v-casech-klimaticke-krize\/","title":{"rendered":"KAFE 115: Extremismus v \u010dasech klimatick\u00e9 krize"},"content":{"rendered":"\n<p class=\"has-small-font-size\"><strong>Po m\u011bs\u00edci je tu ji\u017e t\u0159et\u00ed KAFE 115! Tentokr\u00e1t se spole\u010dn\u011b s politologem Michalem Rie\u010dansk\u00fdm kriticky zam\u011b\u0159\u00edme na koncept extremismu a jeho aplikaci na klimatick\u00e9 hnut\u00ed.<\/strong><\/p>\n\n\n\n<figure class=\"wp-block-image\"><img loading=\"lazy\" width=\"1024\" height=\"576\" src=\"http:\/\/k115.org\/wp-content\/uploads\/2020\/01\/Kafe115-Extremismus-V01-FB-1024x576.jpg\" alt=\"\" class=\"wp-image-587\" srcset=\"https:\/\/k115.org\/wp-content\/uploads\/2020\/01\/Kafe115-Extremismus-V01-FB-1024x576.jpg 1024w, https:\/\/k115.org\/wp-content\/uploads\/2020\/01\/Kafe115-Extremismus-V01-FB-300x169.jpg 300w, https:\/\/k115.org\/wp-content\/uploads\/2020\/01\/Kafe115-Extremismus-V01-FB-768x432.jpg 768w, https:\/\/k115.org\/wp-content\/uploads\/2020\/01\/Kafe115-Extremismus-V01-FB.jpg 1920w\" sizes=\"(max-width: 1024px) 100vw, 1024px\" \/><\/figure>\n\n\n\n<p class=\"has-small-font-size\">Extremismus je dnes extr\u00e9mn\u011b nadu\u017e\u00edvan\u00fdm slovem a za extremistku \u010di extremistu m\u016f\u017ee b\u00fdt ozna\u010den v podstat\u011b kdokoliv, kdo n\u011bco d\u011bl\u00e1. V pomysln\u00e9m jednom pytli tak mohou skon\u010dit fa\u0161ist\u00e9, antifa\u0161istky, n\u00e1bo\u017een\u0161t\u00ed fundamentalist\u00e9, klimatick\u00e9 aktivistky i para\u0161utist\u00e9. Budeme se bavit o tom, pro\u010d je koncept extr\u00e9mismu v \u010dasech klimatick\u00e9 krize a m\u011bn\u00edc\u00edho se sv\u011bta problematick\u00fd, nebo o tom, jak se z extremismu stal mocensk\u00fd n\u00e1stroj obrany politick\u00e9ho st\u0159edu. Po obecn\u00e9m \u00favodu se zam\u011b\u0159\u00edme na to, jak je koncept extremismu aplikov\u00e1n na klimatick\u00e9 hnut\u00ed (nejen) v \u010cesku a na Slovensku.<\/p>\n\n\n\n<p class=\"has-small-font-size\">P\u0159edn\u00e1\u0161\u00ed politolog Michal Rie\u010dansk\u00fd<\/p>\n\n\n\n<hr class=\"wp-block-separator\"\/>\n\n\n\n<p class=\"has-small-font-size\"><strong>Bubu&#8217;s Pub &#038; Kitchen, Spojovac\u00ed  192 \/ 17, Praha &#8211; Vyso\u010dany<\/strong><\/p>\n\n\n\n<p class=\"has-small-font-size\"><strong>30. ledna, za\u010d\u00e1tek: 19:00<\/strong><\/p>\n\n\n\n<p class=\"has-small-font-size\">Facebookovou str\u00e1nku ud\u00e1losti najdete <a href=\"https:\/\/www.facebook.com\/events\/1001988103510268\/\">tady<\/a>.<\/p>\n\n\n\n<p class=\"has-small-font-size\"><a rel=\"noreferrer noopener\" target=\"_blank\" href=\"https:\/\/www.facebook.com\/hashtag\/kafe115\">#kafe115<\/a><\/p>\n\n\n\n<figure class=\"wp-block-image\"><img loading=\"lazy\" width=\"724\" height=\"1024\" src=\"http:\/\/k115.org\/wp-content\/uploads\/2020\/01\/Kafe115-Extremismus-V01-plakat-724x1024.jpg\" alt=\"\" class=\"wp-image-588\" srcset=\"https:\/\/k115.org\/wp-content\/uploads\/2020\/01\/Kafe115-Extremismus-V01-plakat-724x1024.jpg 724w, https:\/\/k115.org\/wp-content\/uploads\/2020\/01\/Kafe115-Extremismus-V01-plakat-212x300.jpg 212w, https:\/\/k115.org\/wp-content\/uploads\/2020\/01\/Kafe115-Extremismus-V01-plakat-768x1086.jpg 768w, https:\/\/k115.org\/wp-content\/uploads\/2020\/01\/Kafe115-Extremismus-V01-plakat.jpg 1123w\" sizes=\"(max-width: 724px) 100vw, 724px\" \/><\/figure>\n","protected":false},"excerpt":{"rendered":"<p>Po m\u011bs\u00edci je tu ji\u017e t\u0159et\u00ed KAFE 115! Tentokr\u00e1t se spole\u010dn\u011b s politologem Michalem Rie\u010dansk\u00fdm kriticky zam\u011b\u0159\u00edme na koncept extremismu a jeho aplikaci na klimatick\u00e9 hnut\u00ed.<\/p>\n","protected":false},"author":2,"featured_media":589,"comment_status":"closed","ping_status":"closed","sticky":false,"template":"","format":"standard","meta":[],"categories":[12,21,15,22],"tags":[],"_links":{"self":[{"href":"https:\/\/k115.org\/en\/wp-json\/wp\/v2\/posts\/586"}],"collection":[{"href":"https:\/\/k115.org\/en\/wp-json\/wp\/v2\/posts"}],"about":[{"href":"https:\/\/k115.org\/en\/wp-json\/wp\/v2\/types\/post"}],"author":[{"embeddable":true,"href":"https:\/\/k115.org\/en\/wp-json\/wp\/v2\/users\/2"}],"replies":[{"embeddable":true,"href":"https:\/\/k115.org\/en\/wp-json\/wp\/v2\/comments?post=586"}],"version-history":[{"count":2,"href":"https:\/\/k115.org\/en\/wp-json\/wp\/v2\/posts\/586\/revisions"}],"predecessor-version":[{"id":602,"href":"https:\/\/k115.org\/en\/wp-json\/wp\/v2\/posts\/586\/revisions\/602"}],"wp:featuredmedia":[{"embeddable":true,"href":"https:\/\/k115.org\/en\/wp-json\/wp\/v2\/media\/589"}],"wp:attachment":[{"href":"https:\/\/k115.org\/en\/wp-json\/wp\/v2\/media?parent=586"}],"wp:term":[{"taxonomy":"category","embeddable":true,"href":"https:\/\/k115.org\/en\/wp-json\/wp\/v2\/categories?post=586"},{"taxonomy":"post_tag","embeddable":true,"href":"https:\/\/k115.org\/en\/wp-json\/wp\/v2\/tags?post=586"}],"curies":[{"name":"wp","href":"https:\/\/api.w.org\/{rel}","templated":true}]}}