{"id":685,"date":"2020-09-10T13:40:10","date_gmt":"2020-09-10T11:40:10","guid":{"rendered":"http:\/\/k115.org\/?p=685"},"modified":"2021-01-05T21:03:16","modified_gmt":"2021-01-05T19:03:16","slug":"tento-pozar-zazehla-evropa-vyjadreni-beyond-europe-k-aktualni-udalosti-na-lesbu","status":"publish","type":"post","link":"https:\/\/k115.org\/en\/2020\/09\/tento-pozar-zazehla-evropa-vyjadreni-beyond-europe-k-aktualni-udalosti-na-lesbu\/","title":{"rendered":"Tento po\u017e\u00e1r za\u017eehla Evropa: Vyj\u00e1d\u0159en\u00ed Beyond Europe k aktu\u00e1ln\u00ed ud\u00e1losti na Lesbu"},"content":{"rendered":"\n<p class=\"has-small-font-size\"><strong>V noci z \u00fater\u00fd na st\u0159edu p\u0159erostlo zoufalstv\u00ed lid\u00ed v uprchlick\u00e9m t\u00e1bo\u0159e Moria v obrovsk\u00fd po\u017e\u00e1r. P\u0159in\u00e1\u0161\u00edme p\u0159eklad dne\u0161n\u00edho vyj\u00e1d\u0159en\u00ed transnacion\u00e1ln\u00ed antiautorit\u00e1\u0159sk\u00e9 platformy<\/strong><a data-noscript-removed-href=\"https:\/\/www.facebook.com\/beyondeurope\/?__xts__%5B0%5D=68.ARD33t_1LeJ9A2M2HTa20l5BoMxOA2GVN5NkN1r1bz73FUNjZkrmTHSrd6x2dOXwmnrUnW1GGkCa6d5LzR4VFW_plb_Ofl4cFjz4e6K4Vn6DX7wrCDHJhZ-DkFTxSYyBFhLHJVXjrUpbLLSaBZLOuB282nHMMgwihrsOjTXq3QUhtM82ERE1blZWLgHx4bDOyKdYyAHtO9EM2rM3Ipb47m289bafjZAJzlO_MsAOFI9zjAGpZxbBiqTFWVNzEX-5WslJn_hXAljOoy2eXULUBShOBR2hWdoG1GSnBiL7w8Jlg_dhBk42Qyx6yFIGm-r9lGo&#038;eid=ARAAu0yWrTu8_81LlUc9jf538dhV97eyTSKJdJTk2UybUXLDv6pCUik8YIHHp3WNQEmcfgwEulOZcxNu\"><strong> Beyond Europe<\/strong><\/a><strong> <\/strong><a data-noscript-removed-href=\"https:\/\/www.facebook.com\/beyondeurope\/?__xts__%5B0%5D=68.ARD33t_1LeJ9A2M2HTa20l5BoMxOA2GVN5NkN1r1bz73FUNjZkrmTHSrd6x2dOXwmnrUnW1GGkCa6d5LzR4VFW_plb_Ofl4cFjz4e6K4Vn6DX7wrCDHJhZ-DkFTxSYyBFhLHJVXjrUpbLLSaBZLOuB282nHMMgwihrsOjTXq3QUhtM82ERE1blZWLgHx4bDOyKdYyAHtO9EM2rM3Ipb47m289bafjZAJzlO_MsAOFI9zjAGpZxbBiqTFWVNzEX-5WslJn_hXAljOoy2eXULUBShOBR2hWdoG1GSnBiL7w8Jlg_dhBk42Qyx6yFIGm-r9lGo&#038;eid=ARAAu0yWrTu8_81LlUc9jf538dhV97eyTSKJdJTk2UybUXLDv6pCUik8YIHHp3WNQEmcfgwEulOZcxNu\"><\/a><strong>k aktu\u00e1ln\u00edmu d\u011bn\u00ed. <\/strong><\/p>\n\n\n\n<figure class=\"wp-block-image\"><img loading=\"lazy\" width=\"976\" height=\"549\" src=\"http:\/\/k115.org\/wp-content\/uploads\/2020\/09\/Lesbos.jpg\" alt=\"\" class=\"wp-image-686\"\/><\/figure>\n\n\n\n<p class=\"has-small-font-size\">Ne\u00fanosn\u00e1 situace v uprchlick\u00e9m t\u00e1bo\u0159e na Lesbu v noci z \u00fater\u00fd na st\u0159edu fat\u00e1ln\u011b eskalovala. Na protest proti ot\u0159esn\u00fdm podm\u00ednk\u00e1m, nebezpe\u010d\u00ed koronaviru a vyhl\u00eddce obehn\u00e1n\u00ed Morie plotem, se n\u011bkolik obyvatel t\u00e1bora rozhodlo zap\u00e1lit velkou \u010d\u00e1st t\u00e1bora.<\/p>\n\n\n\n<p class=\"has-small-font-size\">Za\u0159\u00edzen\u00ed neziskovek jako jsou Movement on the ground, Team Humanity nebo L\u00e9ka\u0159i bez hranic byla vyrabov\u00e1na a zap\u00e1lena. Cel\u00e1 infrastruktura t\u00e1bora byla zni\u010dena a nezbylo  t\u00e9m\u011b\u0159 nic.<\/p>\n\n\n\n<p class=\"has-small-font-size\">Policie proti uprchl\u00edk\u016fm pou\u017eila obu\u0161ky a slzn\u00fd plyn, situaci ale pod kontrolou neudr\u017eela. Hasi\u010di, kte\u0159\u00ed se pokusili po\u017e\u00e1r hasit, byli napadeni kameny.<\/p>\n\n\n\n<p class=\"has-small-font-size\">Mnoho obyvatel t\u00e1bora uprchlo do okol\u00ed nebo do m\u011bsta Mytylini. Nen\u00ed zat\u00edm z\u0159ejm\u00e9, kolik lid\u00ed bylo zran\u011bno, ani zda se n\u011bkdo stal ob\u011bt\u00ed po\u017e\u00e1ru.<\/p>\n\n\n\n<p class=\"has-small-font-size\">Ud\u00e1losti t\u00e9to noci ukazuj\u00ed velk\u00e9 zoufalstv\u00ed v\u00edce ne\u017e 13 tis\u00edc lid\u00ed, kte\u0159\u00ed dosud \u017eili v tomto t\u00e1bo\u0159e, pod karent\u00e9nou a bez jak\u00e9koliv ochrany p\u0159ed koronavirem. Hlavn\u011b ale ukazuj\u00ed selh\u00e1n\u00ed migra\u010dn\u00ed politiky Evropsk\u00e9 unie. <\/p>\n\n\n\n<p class=\"has-small-font-size\">Eskalaci bylo mo\u017en\u00e9 p\u0159edej\u00edt t\u00edm, \u017ee by se lidem v t\u011b\u017ek\u00e9 situaci doopravdy pomohlo m\u00edsto toho, aby se roky strkali se do p\u0159epln\u011bn\u00e9ho t\u00e1bora.U\u017e n\u011bkolik let mnoz\u00ed upozor\u0148ovali na katastrofick\u00e9 podm\u00ednky v uprchlick\u00e9m t\u00e1bo\u0159e. V N\u011bmecku existuje v n\u011bkolika m\u011bstech a spolkov\u00fdch republik\u00e1ch siln\u00e9 hnut\u00ed, je\u017e chce p\u0159ijmout uprchl\u00edky, je ale blokov\u00e1no n\u011bmeckou spolkovou vl\u00e1dou. Po\u017e\u00e1r, kter\u00fd zni\u010dil Morii, za\u017eehnuli ji\u017e p\u0159ed n\u011bkolika lety p\u0159edstavitel\u00e9 vl\u00e1d Evropsk\u00e9 unie a Turecka.<\/p>\n\n\n\n<p class=\"has-small-font-size\">Na\u0161\u00ed odpov\u011bd\u00ed mus\u00ed b\u00fdt solidarita se zoufal\u00fdmi a zapomenut\u00fdmi lidmi na vn\u011bj\u0161\u00edch hranic\u00edch  EU. Nelidsk\u00fd re\u017eim st\u00e1tn\u00edch hranic, kter\u00fd masy lid\u00ed vra\u017ed\u00ed, nech\u00e1v\u00e1 je utonout a ponech\u00e1v\u00e1 je v obrovsk\u00e9 b\u00edd\u011b, pat\u0159\u00ed na smeti\u0161t\u011b d\u011bjin. Poj\u010fme s t\u00edm n\u011bco d\u011blat! V\u0161ichni do ulic!<\/p>\n\n\n\n<p class=\"has-small-font-size\">Beyond Europe, 9. z\u00e1\u0159\u00ed 2020<\/p>\n\n\n\n<p class=\"has-small-font-size\"><a href=\"https:\/\/www.facebook.com\/hashtag\/evacuatemorianow?__eep__=6&#038;source=feed_text&#038;epa=HASHTAG&#038;__xts__%5B0%5D=68.ARChTDx0wtaDSadiqOUAUkxjUu9xHcB43EICwKYVVOGGCEGPryQndjMGdAnJVw4JdiySYbwEkvdej_WMPFvHkyUAshivdtt3QEcs_lmKQyS8sbfAMDAmuz8yS_K7YwXWCNXMmU9N003epKtd8UDGkJAJcgTHHeHLpa5o1Q0VQ6I_b6kzmHrNgj4NMnHwFkQQPOBSAxASey4yNIaElu0UpfTEVh7ErCpde_ZHM_rCOv5QmY_oSwD2JpQeqkca7K3deYEge-79W_NhWizo_m0MSDvmysMFgANMvzh-BakJCMvTpJXZAoH5tGDNTjbxMGiJB2oRdQl-HRx21IpZKnJ4OjsYvQ&#038;__tn__=%2ANK-R\">#evacuatemorianow<\/a><\/p>\n\n\n\n<p class=\"has-small-font-size\"><a href=\"https:\/\/www.facebook.com\/hashtag\/shameonyoueu?__eep__=6&#038;source=feed_text&#038;epa=HASHTAG&#038;__xts__%5B0%5D=68.ARChTDx0wtaDSadiqOUAUkxjUu9xHcB43EICwKYVVOGGCEGPryQndjMGdAnJVw4JdiySYbwEkvdej_WMPFvHkyUAshivdtt3QEcs_lmKQyS8sbfAMDAmuz8yS_K7YwXWCNXMmU9N003epKtd8UDGkJAJcgTHHeHLpa5o1Q0VQ6I_b6kzmHrNgj4NMnHwFkQQPOBSAxASey4yNIaElu0UpfTEVh7ErCpde_ZHM_rCOv5QmY_oSwD2JpQeqkca7K3deYEge-79W_NhWizo_m0MSDvmysMFgANMvzh-BakJCMvTpJXZAoH5tGDNTjbxMGiJB2oRdQl-HRx21IpZKnJ4OjsYvQ&#038;__tn__=%2ANK-R\">#shameonyouEU<\/a><\/p>\n\n\n\n<figure class=\"wp-block-image\"><img loading=\"lazy\" width=\"1316\" height=\"640\" src=\"http:\/\/k115.org\/wp-content\/uploads\/2020\/09\/Tear-down-all-borders.jpg\" alt=\"\" class=\"wp-image-687\"\/><\/figure>\n\n\n\n<p class=\"has-small-font-size\">P\u0159elo\u017eeno z anglick\u00e9ho origin\u00e1lu publikovan\u00e9ho na webu <a rel=\"noreferrer noopener\" href=\"https:\/\/beyondeurope.net\/1574\/this-fire-was-set-by-europe\/\" target=\"_blank\">Beyond Europe.<\/a><\/p>\n","protected":false},"excerpt":{"rendered":"<p>V noci z \u00fater\u00fd na st\u0159edu p\u0159erostlo zoufalstv\u00ed lid\u00ed v uprchlick\u00e9m t\u00e1bo\u0159e Moria v obrovsk\u00fd po\u017e\u00e1r. P\u0159in\u00e1\u0161\u00edme p\u0159eklad dne\u0161n\u00edho vyj\u00e1d\u0159en\u00ed transnacion\u00e1ln\u00ed antiautorit\u00e1\u0159sk\u00e9 platformy Beyond Europe k aktu\u00e1ln\u00edmu d\u011bn\u00ed.<\/p>\n","protected":false},"author":2,"featured_media":686,"comment_status":"closed","ping_status":"closed","sticky":false,"template":"","format":"standard","meta":[],"categories":[25,28,27],"tags":[],"_links":{"self":[{"href":"https:\/\/k115.org\/en\/wp-json\/wp\/v2\/posts\/685"}],"collection":[{"href":"https:\/\/k115.org\/en\/wp-json\/wp\/v2\/posts"}],"about":[{"href":"https:\/\/k115.org\/en\/wp-json\/wp\/v2\/types\/post"}],"author":[{"embeddable":true,"href":"https:\/\/k115.org\/en\/wp-json\/wp\/v2\/users\/2"}],"replies":[{"embeddable":true,"href":"https:\/\/k115.org\/en\/wp-json\/wp\/v2\/comments?post=685"}],"version-history":[{"count":1,"href":"https:\/\/k115.org\/en\/wp-json\/wp\/v2\/posts\/685\/revisions"}],"predecessor-version":[{"id":688,"href":"https:\/\/k115.org\/en\/wp-json\/wp\/v2\/posts\/685\/revisions\/688"}],"wp:featuredmedia":[{"embeddable":true,"href":"https:\/\/k115.org\/en\/wp-json\/wp\/v2\/media\/686"}],"wp:attachment":[{"href":"https:\/\/k115.org\/en\/wp-json\/wp\/v2\/media?parent=685"}],"wp:term":[{"taxonomy":"category","embeddable":true,"href":"https:\/\/k115.org\/en\/wp-json\/wp\/v2\/categories?post=685"},{"taxonomy":"post_tag","embeddable":true,"href":"https:\/\/k115.org\/en\/wp-json\/wp\/v2\/tags?post=685"}],"curies":[{"name":"wp","href":"https:\/\/api.w.org\/{rel}","templated":true}]}}